{"id":82,"date":"2009-03-18T10:59:00","date_gmt":"2009-03-18T09:59:00","guid":{"rendered":"http:\/\/sandranavarrete.com\/?p=82"},"modified":"2025-01-25T18:53:12","modified_gmt":"2025-01-25T17:53:12","slug":"in-my-bike-through-bruxelles-la-ville","status":"publish","type":"post","link":"https:\/\/sandranavarrete.com\/index.php\/2009\/03\/18\/in-my-bike-through-bruxelles-la-ville\/","title":{"rendered":"En mi bicicleta, paseando por la Ville de Bruxelles"},"content":{"rendered":"\n<figure class=\"wp-block-image size-full\"><img fetchpriority=\"high\" decoding=\"async\" width=\"501\" height=\"675\" src=\"\/wp-content\/uploads\/\/2010\/06\/coloniapint.jpg\" alt=\"\" class=\"wp-image-179\" srcset=\"\/wp-content\/uploads\/2010\/06\/coloniapint.jpg 501w, \/wp-content\/uploads\/2010\/06\/coloniapint-222x300.jpg 222w\" sizes=\"(max-width: 501px) 100vw, 501px\" \/><\/figure>\n\n\n\n<p><strong>Bruselas, la ciudad donde me encontr\u00e9 a m\u00ed misma<\/strong><\/p>\n\n\n\n<p>Pedaleando por las calles de Bruselas, siento c\u00f3mo esta ciudad me abraza con su energ\u00eda \u00fanica. El viento acaricia mi cara y me llena de fuerza, como si la ciudad misma susurrara: \u00ab\u00a1Sigue adelante, este es tu camino!\u00bb Aqu\u00ed, en esta hermosa urbe llena de historia y diversidad, he descubierto algo m\u00e1s grande que sus calles de piedras o su aroma a waffles reci\u00e9n hechos:<strong> me he descubierto a m\u00ed misma.<\/strong><\/p>\n\n\n\n<p>Bruselas, con sus infinitas posibilidades y actividades, me regal\u00f3 la libertad de experimentar y crecer. Me lanc\u00e9 a probar cosas nuevas: clases de pintura, paseos en bicicleta, actividades infinitas con mis hijas, tardes de paseo en los parques, las charlas sin fin en caf\u00e9s acogedores y por primera vez en mi vida disfrutando simplemente de ser y estar bajo un cielo gris.<\/p>\n\n\n\n<p>Cada rinc\u00f3n de esta ciudad parece tener una lecci\u00f3n escondida, como si me susurrara al o\u00eddo que la vida est\u00e1 hecha para ser vivida con intensidad y curiosidad.<\/p>\n\n\n\n<p>He aprendido a moverme a mi ritmo, a perderme (literalmente) en sus laber\u00ednticas calles y a encontrarme, una y otra vez, m\u00e1s sabia y m\u00e1s fuerte. Bruselas me ense\u00f1\u00f3 a disfrutar de mi propia compa\u00f1\u00eda, a valorar mis ideas y a darme permiso para equivocarme y empezar de nuevo. Aqu\u00ed no hay prisas, solo momentos. Y en cada uno de ellos, descubr\u00ed un poco m\u00e1s de qui\u00e9n soy.<\/p>\n\n\n\n<p>Caminar por sus plazas, como la m\u00e1gica Grand Place, me recuerda que la belleza puede ser imponente pero accesible, y que las grandes cosas toman tiempo para construirse.<\/p>\n\n\n\n<p>Vivir en esta ciudad me ha ense\u00f1ado a valorar los peque\u00f1os placeres: el sabor del chocolate, que aunque viene de mi pa\u00eds ( Ecuador) nunca disfrute tanto de comer un chocolate sin sentirme culpable por el miedo a engordar.<\/p>\n\n\n\n<p>Amo el sonido de las campanas, o incluso el suave murmullo del idioma franc\u00e9s y el flamenco mezcl\u00e1ndose en el aire. Aqu\u00ed aprend\u00ed a detenerme y disfrutar. A sentir que si puedo hablar un poco de cada idioma, esta muy bien, pues la mayor\u00eda de gente aqu\u00ed tambi\u00e9n habla un poco de cada cosa, y as\u00ed nos entendemos!!!<\/p>\n\n\n\n<p>Bruselas no solo es mi ciudad adoptiva, es mi c\u00f3mplice. Me dio el espacio y la libertad para crecer, madurar y amar lo que soy. Aqu\u00ed aprend\u00ed que el verdadero poder est\u00e1 en conocerte a t\u00ed mismo y decidir, con el coraz\u00f3n lleno, cu\u00e1l ser\u00e1 tu pr\u00f3ximo paso.<\/p>\n\n\n\n<p>As\u00ed que, cuando voy en mi bicicleta y siento el viento fresco, s\u00e9 que estoy en el lugar correcto, en el momento justo. Bruselas es m\u00e1s que un destino, es un viaje hacia mi propio ser. Y mientras mis ruedas giran, tambi\u00e9n gira mi vida, con plenitud, gratitud y alegr\u00eda. \u00a1Merci, Bruxelles, por todo lo que me das!<\/p>\n\n\n\n<p><strong>mail@sandranavarrete.com<\/strong>&nbsp;<\/p>\n\n\n\n<p>&nbsp;<\/p>\n\n\n\n<p>&nbsp;<\/p>\n","protected":false},"excerpt":{"rendered":"<p>Bruselas, la ciudad donde me encontr\u00e9 a m\u00ed misma Pedaleando por las calles de Bruselas, siento c\u00f3mo esta ciudad me abraza con su energ\u00eda \u00fanica. El viento acaricia mi cara y me llena de fuerza, como si la ciudad misma susurrara: \u00ab\u00a1Sigue adelante, este es tu camino!\u00bb Aqu\u00ed, en esta hermosa urbe llena de historia&#8230;<\/p>\n","protected":false},"author":1,"featured_media":0,"comment_status":"open","ping_status":"open","sticky":false,"template":"","format":"standard","meta":{"_kadence_starter_templates_imported_post":false,"_kad_post_transparent":"","_kad_post_title":"","_kad_post_layout":"","_kad_post_sidebar_id":"","_kad_post_content_style":"","_kad_post_vertical_padding":"","_kad_post_feature":"","_kad_post_feature_position":"","_kad_post_header":false,"_kad_post_footer":false,"footnotes":""},"categories":[1],"tags":[],"class_list":["post-82","post","type-post","status-publish","format-standard","hentry","category-uncategorized"],"_links":{"self":[{"href":"https:\/\/sandranavarrete.com\/index.php\/wp-json\/wp\/v2\/posts\/82","targetHints":{"allow":["GET"]}}],"collection":[{"href":"https:\/\/sandranavarrete.com\/index.php\/wp-json\/wp\/v2\/posts"}],"about":[{"href":"https:\/\/sandranavarrete.com\/index.php\/wp-json\/wp\/v2\/types\/post"}],"author":[{"embeddable":true,"href":"https:\/\/sandranavarrete.com\/index.php\/wp-json\/wp\/v2\/users\/1"}],"replies":[{"embeddable":true,"href":"https:\/\/sandranavarrete.com\/index.php\/wp-json\/wp\/v2\/comments?post=82"}],"version-history":[{"count":6,"href":"https:\/\/sandranavarrete.com\/index.php\/wp-json\/wp\/v2\/posts\/82\/revisions"}],"predecessor-version":[{"id":6335,"href":"https:\/\/sandranavarrete.com\/index.php\/wp-json\/wp\/v2\/posts\/82\/revisions\/6335"}],"wp:attachment":[{"href":"https:\/\/sandranavarrete.com\/index.php\/wp-json\/wp\/v2\/media?parent=82"}],"wp:term":[{"taxonomy":"category","embeddable":true,"href":"https:\/\/sandranavarrete.com\/index.php\/wp-json\/wp\/v2\/categories?post=82"},{"taxonomy":"post_tag","embeddable":true,"href":"https:\/\/sandranavarrete.com\/index.php\/wp-json\/wp\/v2\/tags?post=82"}],"curies":[{"name":"wp","href":"https:\/\/api.w.org\/{rel}","templated":true}]}}