{"id":5641,"date":"2020-08-22T03:46:51","date_gmt":"2020-08-22T02:46:51","guid":{"rendered":"https:\/\/sandranavarrete.com\/?p=5641"},"modified":"2023-11-26T19:36:48","modified_gmt":"2023-11-26T18:36:48","slug":"inspirando-a-jovenes-artistas","status":"publish","type":"post","link":"https:\/\/sandranavarrete.com\/index.php\/2020\/08\/22\/inspirando-a-jovenes-artistas\/","title":{"rendered":"INSPIRANDO A J\u00d3VENES ARTISTAS"},"content":{"rendered":"\n<p>Que alegr\u00eda tener la oportunidad de compartir mi experiencia y trayectoria art\u00edstica con j\u00f3venes adolescentes que est\u00e1n terminando el colegio y se encuentran ya con un pie hacia la Universidad con tantas ganas de realizar su sue\u00f1o: SER ARTISTAS&#8230;.<\/p>\n\n\n\n<p>Me recuerdo de esta maravillosa sensaci\u00f3n cuando ten\u00eda 17 a\u00f1os y trabaje en un museo en Quito  con el deseo tan grande de poder ver obras de arte en vivo y en directo y compartir con los restauradores de las obras de arte, admirando con cuanta habilidad  y amor pon\u00edan color y sellaban espacios de las obras de arte, que hab\u00edan perdido su brillo y color por el pasar de los a\u00f1os.<\/p>\n\n\n\n<p>Eran momentos m\u00e1gicos en donde yo sent\u00eda que el tiempo no pasaba, pues disfrutaba de ver esas obras y recorrer el museo una y otra vez viendo los detalles de cada pintura y cada cer\u00e1mica de la exhibici\u00f3n.<\/p>\n\n\n\n<p>Fue para mi un sue\u00f1o hecho realidad cuando hice mi primera exhibici\u00f3n de arte en Holanda con el apoyo de la embajada de Ecuador en La ciudad de La Haya en el a\u00f1o 2007. <\/p>\n\n\n\n<p>A partir de all\u00ed mi carrera art\u00edstica ha tomado diferentes giros maravillosos, buscando inspirar a la gente con mis obras, y tambi\u00e9n inspirando a quienes sue\u00f1an con ser artistas, a que lo realizen. <\/p>\n\n\n\n<p>Si deseas estudiar arte, y sientes inseguridad por realizar tus sue\u00f1os, cont\u00e1cteme , juntos vamos a encontrar las ra\u00edces de esos bloqueos, y con una mejor comprensi\u00f3n de t\u00ed mism@ y de tu esencia personal, estar\u00e1s preparad@ para ser todo lo que tu deseas ser en la vida.<\/p>\n\n\n\n<p> ARTISTAS DE CORAZ\u00d3N CON LA CONVICCI\u00d3N DE QUE JUNTOS CREAMOS MUNDO MEJOR @<a href=\"Https:\/\/www.instagram.com\/sandranavarretearttherapy\">sandranavarreteartthe<\/a>rapy<\/p>\n\n\n\n<figure class=\"wp-block-embed is-type-rich is-provider-instagram wp-block-embed-instagram\"><div class=\"wp-block-embed__wrapper\">\nhttps:\/\/www.instagram.com\/tv\/CELFoXoJrbb\/?utm_source=ig_web_copy_link\n<\/div><\/figure>\n\n\n\n<p><\/p>\n","protected":false},"excerpt":{"rendered":"<p>Que alegr\u00eda tener la oportunidad de compartir mi experiencia y trayectoria art\u00edstica con j\u00f3venes adolescentes que est\u00e1n terminando el colegio y se encuentran ya con un pie hacia la Universidad con tantas ganas de realizar su sue\u00f1o: SER ARTISTAS&#8230;. Me recuerdo de esta maravillosa sensaci\u00f3n cuando ten\u00eda 17 a\u00f1os y trabaje en un museo en&#8230;<\/p>\n","protected":false},"author":1,"featured_media":0,"comment_status":"open","ping_status":"open","sticky":false,"template":"","format":"standard","meta":{"_kadence_starter_templates_imported_post":false,"_kad_post_transparent":"","_kad_post_title":"","_kad_post_layout":"","_kad_post_sidebar_id":"","_kad_post_content_style":"","_kad_post_vertical_padding":"","_kad_post_feature":"","_kad_post_feature_position":"","_kad_post_header":false,"_kad_post_footer":false,"footnotes":""},"categories":[1],"tags":[],"class_list":["post-5641","post","type-post","status-publish","format-standard","hentry","category-uncategorized"],"_links":{"self":[{"href":"https:\/\/sandranavarrete.com\/index.php\/wp-json\/wp\/v2\/posts\/5641","targetHints":{"allow":["GET"]}}],"collection":[{"href":"https:\/\/sandranavarrete.com\/index.php\/wp-json\/wp\/v2\/posts"}],"about":[{"href":"https:\/\/sandranavarrete.com\/index.php\/wp-json\/wp\/v2\/types\/post"}],"author":[{"embeddable":true,"href":"https:\/\/sandranavarrete.com\/index.php\/wp-json\/wp\/v2\/users\/1"}],"replies":[{"embeddable":true,"href":"https:\/\/sandranavarrete.com\/index.php\/wp-json\/wp\/v2\/comments?post=5641"}],"version-history":[{"count":3,"href":"https:\/\/sandranavarrete.com\/index.php\/wp-json\/wp\/v2\/posts\/5641\/revisions"}],"predecessor-version":[{"id":6096,"href":"https:\/\/sandranavarrete.com\/index.php\/wp-json\/wp\/v2\/posts\/5641\/revisions\/6096"}],"wp:attachment":[{"href":"https:\/\/sandranavarrete.com\/index.php\/wp-json\/wp\/v2\/media?parent=5641"}],"wp:term":[{"taxonomy":"category","embeddable":true,"href":"https:\/\/sandranavarrete.com\/index.php\/wp-json\/wp\/v2\/categories?post=5641"},{"taxonomy":"post_tag","embeddable":true,"href":"https:\/\/sandranavarrete.com\/index.php\/wp-json\/wp\/v2\/tags?post=5641"}],"curies":[{"name":"wp","href":"https:\/\/api.w.org\/{rel}","templated":true}]}}