{"id":1066,"date":"2012-09-18T13:13:05","date_gmt":"2012-09-18T12:13:05","guid":{"rendered":"http:\/\/sandranavarrete.com\/?p=1066"},"modified":"2012-11-28T16:01:00","modified_gmt":"2012-11-28T15:01:00","slug":"usemos-las-palabras-correctas","status":"publish","type":"post","link":"https:\/\/sandranavarrete.com\/index.php\/2012\/09\/18\/usemos-las-palabras-correctas\/","title":{"rendered":"Usemos las palabras correctas"},"content":{"rendered":"<p>Para comunicarnos de una buena manera, usemos ya las palabras correctas.<\/p>\n<p>A veces damos un mensaje , sin dar a conocer el punto de la conversaci\u00f3n.<\/p>\n<p>Ser concreto y objetivo, me tomo mi tiempo, y describo mi sentimiento.<a href=\"\/wp-content\/uploads\/\/2012\/06\/colibri.jpg\"><img decoding=\"async\" class=\"alignright size-thumbnail wp-image-4054\" title=\"colibri\" src=\"\/wp-content\/uploads\/\/2012\/06\/colibri-150x150.jpg\" alt=\"\" width=\"150\" height=\"150\" \/><\/a><\/p>\n<p>Es importante hablar desde mi propia perspectiva, que es lo que yo veo, que es lo que yo siento.<\/p>\n<p>El secreto \u00abYO\u00bbque importante es para comunicarnos mejor.<\/p>\n<p>Yo soy, yo estoy, damos un mensaje claro y lleno de amor.<\/p>\n<p>Yo quiero yo siento es un mensaje sincero, directo y abierto a la comunicaci\u00f3n.<\/p>\n<p>Seamos conscientes de nuestra manera de comunicar, concretos, correctos, y con respeto.<\/p>\n<p>Demos ya el paso para un mundo mejor, y olvidemos palabras de separaci\u00f3n y destrucci\u00f3n.<\/p>\n<p>T\u00fa, siempre, t\u00fa nunca, t\u00fa&#8230;. t\u00fa&#8230;.. t\u00fa&#8230;.., dejaremos eso de lado y crearemos\u00a0 conexi\u00f3n si vamos por el \u00abYO\u00bb.<\/p>\n<p>Pocas palabras de calidad, valen m\u00e1s, para amar, trabajar, comunicar y disfrutar.<\/p>\n<p>&nbsp;<\/p>\n<p>&nbsp;<\/p>\n","protected":false},"excerpt":{"rendered":"<p>Para comunicarnos de una buena manera, usemos ya las palabras correctas. A veces damos un mensaje , sin dar a conocer el punto de la conversaci\u00f3n. Ser concreto y objetivo, me tomo mi tiempo, y describo mi sentimiento. Es importante hablar desde mi propia perspectiva, que es lo que yo veo, que es lo que&#8230;<\/p>\n","protected":false},"author":1,"featured_media":0,"comment_status":"open","ping_status":"open","sticky":false,"template":"","format":"standard","meta":{"_kadence_starter_templates_imported_post":false,"_kad_post_transparent":"","_kad_post_title":"","_kad_post_layout":"","_kad_post_sidebar_id":"","_kad_post_content_style":"","_kad_post_vertical_padding":"","_kad_post_feature":"","_kad_post_feature_position":"","_kad_post_header":false,"_kad_post_footer":false,"footnotes":""},"categories":[1],"tags":[],"class_list":["post-1066","post","type-post","status-publish","format-standard","hentry","category-uncategorized"],"_links":{"self":[{"href":"https:\/\/sandranavarrete.com\/index.php\/wp-json\/wp\/v2\/posts\/1066","targetHints":{"allow":["GET"]}}],"collection":[{"href":"https:\/\/sandranavarrete.com\/index.php\/wp-json\/wp\/v2\/posts"}],"about":[{"href":"https:\/\/sandranavarrete.com\/index.php\/wp-json\/wp\/v2\/types\/post"}],"author":[{"embeddable":true,"href":"https:\/\/sandranavarrete.com\/index.php\/wp-json\/wp\/v2\/users\/1"}],"replies":[{"embeddable":true,"href":"https:\/\/sandranavarrete.com\/index.php\/wp-json\/wp\/v2\/comments?post=1066"}],"version-history":[{"count":5,"href":"https:\/\/sandranavarrete.com\/index.php\/wp-json\/wp\/v2\/posts\/1066\/revisions"}],"predecessor-version":[{"id":4090,"href":"https:\/\/sandranavarrete.com\/index.php\/wp-json\/wp\/v2\/posts\/1066\/revisions\/4090"}],"wp:attachment":[{"href":"https:\/\/sandranavarrete.com\/index.php\/wp-json\/wp\/v2\/media?parent=1066"}],"wp:term":[{"taxonomy":"category","embeddable":true,"href":"https:\/\/sandranavarrete.com\/index.php\/wp-json\/wp\/v2\/categories?post=1066"},{"taxonomy":"post_tag","embeddable":true,"href":"https:\/\/sandranavarrete.com\/index.php\/wp-json\/wp\/v2\/tags?post=1066"}],"curies":[{"name":"wp","href":"https:\/\/api.w.org\/{rel}","templated":true}]}}